{"id":594,"date":"2026-09-02T17:48:42","date_gmt":"2026-09-02T17:48:42","guid":{"rendered":"https:\/\/www.mielikuva.org\/fi\/?p=594"},"modified":"2026-09-02T17:48:44","modified_gmt":"2026-09-02T17:48:44","slug":"kesa-ja-karpaset-jasenkisa","status":"publish","type":"post","link":"https:\/\/www.mielikuva.org\/fi\/kilpailut\/kesa-ja-karpaset-jasenkisa\/","title":{"rendered":"Kes\u00e4 ja k\u00e4rp\u00e4set -j\u00e4senkisa"},"content":{"rendered":"\n<p class=\"wp-block-paragraph\">Mielikuvan kes\u00e4n 2026 kes\u00e4n j\u00e4senkisan teemana oli &#8221;Kes\u00e4 ja k\u00e4rp\u00e4set&#8221;. Tuomaristo oli Iisalmen Kameraseurasta ja mukana olivat Helena Karhu, Jari Intonen sek\u00e4 Jussi R\u00f6nkk\u00f6.<\/p>\n\n\n\n<p class=\"wp-block-paragraph\">Aihetta kehotettiin tulkitsemaan vapaasti ja niin tapahtuikin. Tuomaristo totesi, ett\u00e4<\/p>\n\n\n\n<blockquote class=\"wp-block-quote is-layout-flow wp-block-quote-is-layout-flow\">\n<p class=\"wp-block-paragraph\"> &#8221;Kuvien aiheet olivat monipuolisia ja erilaisuuksiakin oli uskallettu l\u00e4hte\u00e4 tarjoamaan haastavin kuvin siin\u00e4 onnistuen. Kuvissa oli k\u00e4sitelty mukavasti erilaisia rajausmahdollisuuksia aina v\u00e4lj\u00e4st\u00e4 hyvin tiukkaan rajaukseen. V\u00e4reill\u00e4 ja kontrastilla oli leikitelty miellytt\u00e4v\u00e4n mukavasti. Kuvien luonnollisuus ja maltillinen k\u00e4sittely miellytti.&#8221;<\/p>\n<\/blockquote>\n\n\n\n<figure class=\"wp-block-image size-large\"><a href=\"https:\/\/www.mielikuva.org\/fi\/wp-content\/uploads\/2026\/08\/tulispa_kesa.jpg\"><img loading=\"lazy\" decoding=\"async\" width=\"1024\" height=\"683\" src=\"https:\/\/www.mielikuva.org\/fi\/wp-content\/uploads\/2026\/08\/tulispa_kesa-1024x683.jpg\" alt=\"\" class=\"wp-image-595\" srcset=\"https:\/\/www.mielikuva.org\/fi\/wp-content\/uploads\/2026\/08\/tulispa_kesa-1024x683.jpg 1024w, https:\/\/www.mielikuva.org\/fi\/wp-content\/uploads\/2026\/08\/tulispa_kesa-300x200.jpg 300w, https:\/\/www.mielikuva.org\/fi\/wp-content\/uploads\/2026\/08\/tulispa_kesa-768x512.jpg 768w, https:\/\/www.mielikuva.org\/fi\/wp-content\/uploads\/2026\/08\/tulispa_kesa-1536x1025.jpg 1536w, https:\/\/www.mielikuva.org\/fi\/wp-content\/uploads\/2026\/08\/tulispa_kesa.jpg 1619w\" sizes=\"auto, (max-width: 1024px) 100vw, 1024px\" \/><\/a><figcaption class=\"wp-element-caption\"><em>Jarmo M\u00e4ki: Tulispa kes\u00e4 ja k\u00e4rp\u00e4set, sais k\u00f6yh\u00e4kin seuraa<\/em> <\/figcaption><\/figure>\n\n\n\n<p class=\"wp-block-paragraph\">Voittajaksi ylsi Jarmo M\u00e4en kuva &#8221;Tulispa kes\u00e4 ja k\u00e4rp\u00e4set, sais k\u00f6yh\u00e4kin seuraa&#8221;. Tuomaristo kehui kuvan sommittelua, v\u00e4rej\u00e4 ja valotusta sek\u00e4 rauhallista tunnelmaa ja onnistunutta syv\u00e4ter\u00e4vyysaluetta.<\/p>\n\n\n\n<figure class=\"wp-block-image size-large\"><a href=\"https:\/\/www.mielikuva.org\/fi\/wp-content\/uploads\/2026\/08\/kesaillan_valssi.jpg\"><img loading=\"lazy\" decoding=\"async\" width=\"1007\" height=\"1024\" src=\"https:\/\/www.mielikuva.org\/fi\/wp-content\/uploads\/2026\/08\/kesaillan_valssi-1007x1024.jpg\" alt=\"\" class=\"wp-image-596\" srcset=\"https:\/\/www.mielikuva.org\/fi\/wp-content\/uploads\/2026\/08\/kesaillan_valssi-1007x1024.jpg 1007w, https:\/\/www.mielikuva.org\/fi\/wp-content\/uploads\/2026\/08\/kesaillan_valssi-295x300.jpg 295w, https:\/\/www.mielikuva.org\/fi\/wp-content\/uploads\/2026\/08\/kesaillan_valssi-768x781.jpg 768w, https:\/\/www.mielikuva.org\/fi\/wp-content\/uploads\/2026\/08\/kesaillan_valssi.jpg 1062w\" sizes=\"auto, (max-width: 1007px) 100vw, 1007px\" \/><\/a><figcaption class=\"wp-element-caption\"><em>Tuomas Pennanen: Kes\u00e4illan valssi<\/em><\/figcaption><\/figure>\n\n\n\n<p class=\"wp-block-paragraph\">Toiseksi tuli Tuomas Pennasen kuva &#8221;Kes\u00e4illan valssi&#8221;. Kuvassa tuomareita miellytti erityisesti herkk\u00e4 tunnelma ja sommittelu.<\/p>\n\n\n\n<figure class=\"wp-block-image size-large\"><a href=\"https:\/\/www.mielikuva.org\/fi\/wp-content\/uploads\/2026\/08\/kesakoti.jpg\"><img loading=\"lazy\" decoding=\"async\" width=\"1024\" height=\"696\" src=\"https:\/\/www.mielikuva.org\/fi\/wp-content\/uploads\/2026\/08\/kesakoti-1024x696.jpg\" alt=\"\" class=\"wp-image-597\" srcset=\"https:\/\/www.mielikuva.org\/fi\/wp-content\/uploads\/2026\/08\/kesakoti-1024x696.jpg 1024w, https:\/\/www.mielikuva.org\/fi\/wp-content\/uploads\/2026\/08\/kesakoti-300x204.jpg 300w, https:\/\/www.mielikuva.org\/fi\/wp-content\/uploads\/2026\/08\/kesakoti-767x521.jpg 767w, https:\/\/www.mielikuva.org\/fi\/wp-content\/uploads\/2026\/08\/kesakoti-1536x1044.jpg 1536w, https:\/\/www.mielikuva.org\/fi\/wp-content\/uploads\/2026\/08\/kesakoti.jpg 1589w\" sizes=\"auto, (max-width: 1024px) 100vw, 1024px\" \/><\/a><figcaption class=\"wp-element-caption\"><em>Tiina Erholtz: Kes\u00e4koti<\/em><\/figcaption><\/figure>\n\n\n\n<p class=\"wp-block-paragraph\">Kolmas sija meni Tiina Erholtzin kuvalle &#8221;Kes\u00e4koti&#8221;. Kuvan pastellis\u00e4vyt ja hallittu ter\u00e4vyysalue miellyttiv\u00e4t tuomaristoa.<\/p>\n\n\n\n<p class=\"wp-block-paragraph\">Lis\u00e4ksi tuomaristo antoi kaksi kunniamainintaa. Ne saivat Outi T\u00f6rnblom kuvalla &#8221;Juhannus&#8221; ja Marju Alanen kuvalla &#8221;Veeti ja kala&#8221;. Onnittelut palkituille!<\/p>\n","protected":false},"excerpt":{"rendered":"<p>Mielikuvan kes\u00e4n 2026 kes\u00e4n j\u00e4senkisan teemana oli &#8221;Kes\u00e4 ja k\u00e4rp\u00e4set&#8221;. Tuomaristo oli Iisalmen Kameraseurasta ja mukana olivat Helena Karhu, Jari Intonen sek\u00e4 Jussi R\u00f6nkk\u00f6. Aihetta kehotettiin tulkitsemaan vapaasti ja niin tapahtuikin. Tuomaristo totesi, ett\u00e4 &#8221;Kuvien aiheet olivat monipuolisia ja erilaisuuksiakin oli uskallettu l\u00e4hte\u00e4 tarjoamaan haastavin kuvin siin\u00e4 onnistuen. Kuvissa oli k\u00e4sitelty mukavasti erilaisia rajausmahdollisuuksia aina&hellip; <a href=\"https:\/\/www.mielikuva.org\/fi\/kilpailut\/kesa-ja-karpaset-jasenkisa\/\" class=\"more-link\">Jatka lukemista <span class=\"screen-reader-text\">Kes\u00e4 ja k\u00e4rp\u00e4set -j\u00e4senkisa<\/span><\/a><\/p>\n","protected":false},"author":1,"featured_media":0,"comment_status":"closed","ping_status":"open","sticky":false,"template":"","format":"standard","meta":{"_jetpack_newsletter_access":"","_jetpack_dont_email_post_to_subs":false,"_jetpack_newsletter_tier_id":0,"_jetpack_memberships_contains_paywalled_content":false,"_jetpack_feature_clip_id":0,"_jetpack_memberships_contains_paid_content":false,"footnotes":"","jetpack_publicize_message":"","jetpack_publicize_feature_enabled":true,"jetpack_social_post_already_shared":true,"jetpack_social_options":{"image_generator_settings":{"template":"highway","default_image_id":0,"font":"","enabled":false},"version":2},"jetpack_post_was_ever_published":false},"categories":[28],"tags":[29],"class_list":["post-594","post","type-post","status-publish","format-standard","hentry","category-kilpailut","tag-jasenkilpailu","without-featured-image"],"jetpack_publicize_connections":[],"jetpack_sharing_enabled":true,"jetpack_shortlink":"https:\/\/wp.me\/pauhWd-9A","jetpack_featured_media_url":"","_links":{"self":[{"href":"https:\/\/www.mielikuva.org\/fi\/wp-json\/wp\/v2\/posts\/594","targetHints":{"allow":["GET"]}}],"collection":[{"href":"https:\/\/www.mielikuva.org\/fi\/wp-json\/wp\/v2\/posts"}],"about":[{"href":"https:\/\/www.mielikuva.org\/fi\/wp-json\/wp\/v2\/types\/post"}],"author":[{"embeddable":true,"href":"https:\/\/www.mielikuva.org\/fi\/wp-json\/wp\/v2\/users\/1"}],"replies":[{"embeddable":true,"href":"https:\/\/www.mielikuva.org\/fi\/wp-json\/wp\/v2\/comments?post=594"}],"version-history":[{"count":3,"href":"https:\/\/www.mielikuva.org\/fi\/wp-json\/wp\/v2\/posts\/594\/revisions"}],"predecessor-version":[{"id":600,"href":"https:\/\/www.mielikuva.org\/fi\/wp-json\/wp\/v2\/posts\/594\/revisions\/600"}],"wp:attachment":[{"href":"https:\/\/www.mielikuva.org\/fi\/wp-json\/wp\/v2\/media?parent=594"}],"wp:term":[{"taxonomy":"category","embeddable":true,"href":"https:\/\/www.mielikuva.org\/fi\/wp-json\/wp\/v2\/categories?post=594"},{"taxonomy":"post_tag","embeddable":true,"href":"https:\/\/www.mielikuva.org\/fi\/wp-json\/wp\/v2\/tags?post=594"}],"curies":[{"name":"wp","href":"https:\/\/api.w.org\/{rel}","templated":true}]}}