{"id":555,"date":"2025-10-02T16:07:55","date_gmt":"2025-10-02T16:07:55","guid":{"rendered":"https:\/\/www.mielikuva.org\/fi\/?p=555"},"modified":"2025-10-02T16:07:57","modified_gmt":"2025-10-02T16:07:57","slug":"digitaalinen-ymparisto-valokuvanayttely-esilla-leijassa","status":"publish","type":"post","link":"https:\/\/www.mielikuva.org\/fi\/tapahtumat\/digitaalinen-ymparisto-valokuvanayttely-esilla-leijassa\/","title":{"rendered":"Digitaalinen ymp\u00e4rist\u00f6 -valokuvan\u00e4yttely esill\u00e4 Leijassa"},"content":{"rendered":"\n<figure class=\"wp-block-image size-large is-resized\"><a href=\"https:\/\/www.mielikuva.org\/fi\/wp-content\/uploads\/2025\/10\/digiymparisto.jpg\"><img loading=\"lazy\" decoding=\"async\" width=\"724\" height=\"1024\" src=\"https:\/\/www.mielikuva.org\/fi\/wp-content\/uploads\/2025\/10\/digiymparisto-724x1024.jpg\" alt=\"\" class=\"wp-image-556\" style=\"width:840px;height:auto\" srcset=\"https:\/\/www.mielikuva.org\/fi\/wp-content\/uploads\/2025\/10\/digiymparisto-724x1024.jpg 724w, https:\/\/www.mielikuva.org\/fi\/wp-content\/uploads\/2025\/10\/digiymparisto-212x300.jpg 212w, https:\/\/www.mielikuva.org\/fi\/wp-content\/uploads\/2025\/10\/digiymparisto-768x1086.jpg 768w, https:\/\/www.mielikuva.org\/fi\/wp-content\/uploads\/2025\/10\/digiymparisto-1086x1536.jpg 1086w, https:\/\/www.mielikuva.org\/fi\/wp-content\/uploads\/2025\/10\/digiymparisto.jpg 1448w\" sizes=\"auto, (max-width: 724px) 100vw, 724px\" \/><\/a><\/figure>\n\n\n\n<p>Kameraseura Mielikuvan yhteisty\u00f6ss\u00e4 Avintesin valokuvafestivaalien kanssa kokoama valokuvan\u00e4yttely &#8221;Digitaalinen ymp\u00e4rist\u00f6&#8221; on esill\u00e4 Yl\u00f6j\u00e4rven p\u00e4\u00e4kirjasto Leijassa (Koivum\u00e4entie 2, Yl\u00f6j\u00e4rvi) 3.-31.10.2025. N\u00e4yttelyss\u00e4 on esill\u00e4 38 kuvaa 19 kuvaajalta. Tervetuloa!<\/p>\n\n\n\n<figure class=\"wp-block-image size-large\"><a href=\"https:\/\/www.mielikuva.org\/fi\/wp-content\/uploads\/2025\/10\/digiymparisto2-1.jpg\"><img loading=\"lazy\" decoding=\"async\" width=\"1024\" height=\"683\" src=\"https:\/\/www.mielikuva.org\/fi\/wp-content\/uploads\/2025\/10\/digiymparisto2-1-1024x683.jpg\" alt=\"\" class=\"wp-image-561\" srcset=\"https:\/\/www.mielikuva.org\/fi\/wp-content\/uploads\/2025\/10\/digiymparisto2-1-1024x683.jpg 1024w, https:\/\/www.mielikuva.org\/fi\/wp-content\/uploads\/2025\/10\/digiymparisto2-1-300x200.jpg 300w, https:\/\/www.mielikuva.org\/fi\/wp-content\/uploads\/2025\/10\/digiymparisto2-1-768x512.jpg 768w, https:\/\/www.mielikuva.org\/fi\/wp-content\/uploads\/2025\/10\/digiymparisto2-1.jpg 1200w\" sizes=\"auto, (max-width: 1024px) 100vw, 1024px\" \/><\/a><\/figure>\n","protected":false},"excerpt":{"rendered":"<p>Kameraseura Mielikuvan yhteisty\u00f6ss\u00e4 Avintesin valokuvafestivaalien kanssa kokoama valokuvan\u00e4yttely &#8221;Digitaalinen ymp\u00e4rist\u00f6&#8221; on esill\u00e4 Yl\u00f6j\u00e4rven p\u00e4\u00e4kirjasto Leijassa (Koivum\u00e4entie 2, Yl\u00f6j\u00e4rvi) 3.-31.10.2025. N\u00e4yttelyss\u00e4 on esill\u00e4 38 kuvaa 19 kuvaajalta. Tervetuloa!<\/p>\n","protected":false},"author":1,"featured_media":0,"comment_status":"closed","ping_status":"open","sticky":false,"template":"","format":"standard","meta":{"jetpack_post_was_ever_published":false,"_jetpack_newsletter_access":"","_jetpack_dont_email_post_to_subs":false,"_jetpack_newsletter_tier_id":0,"_jetpack_memberships_contains_paywalled_content":false,"_jetpack_memberships_contains_paid_content":false,"footnotes":"","jetpack_publicize_message":"","jetpack_publicize_feature_enabled":true,"jetpack_social_post_already_shared":true,"jetpack_social_options":{"image_generator_settings":{"template":"highway","default_image_id":0,"font":"","enabled":false},"version":2}},"categories":[6,4,13],"tags":[58,9,7,8],"class_list":["post-555","post","type-post","status-publish","format-standard","hentry","category-nayttelyt","category-tapahtumat","category-uutiset","tag-avintes","tag-leija","tag-nayttely","tag-ylojarvi","without-featured-image"],"jetpack_publicize_connections":[],"jetpack_featured_media_url":"","jetpack_sharing_enabled":true,"jetpack_shortlink":"https:\/\/wp.me\/pauhWd-8X","_links":{"self":[{"href":"https:\/\/www.mielikuva.org\/fi\/wp-json\/wp\/v2\/posts\/555","targetHints":{"allow":["GET"]}}],"collection":[{"href":"https:\/\/www.mielikuva.org\/fi\/wp-json\/wp\/v2\/posts"}],"about":[{"href":"https:\/\/www.mielikuva.org\/fi\/wp-json\/wp\/v2\/types\/post"}],"author":[{"embeddable":true,"href":"https:\/\/www.mielikuva.org\/fi\/wp-json\/wp\/v2\/users\/1"}],"replies":[{"embeddable":true,"href":"https:\/\/www.mielikuva.org\/fi\/wp-json\/wp\/v2\/comments?post=555"}],"version-history":[{"count":1,"href":"https:\/\/www.mielikuva.org\/fi\/wp-json\/wp\/v2\/posts\/555\/revisions"}],"predecessor-version":[{"id":562,"href":"https:\/\/www.mielikuva.org\/fi\/wp-json\/wp\/v2\/posts\/555\/revisions\/562"}],"wp:attachment":[{"href":"https:\/\/www.mielikuva.org\/fi\/wp-json\/wp\/v2\/media?parent=555"}],"wp:term":[{"taxonomy":"category","embeddable":true,"href":"https:\/\/www.mielikuva.org\/fi\/wp-json\/wp\/v2\/categories?post=555"},{"taxonomy":"post_tag","embeddable":true,"href":"https:\/\/www.mielikuva.org\/fi\/wp-json\/wp\/v2\/tags?post=555"}],"curies":[{"name":"wp","href":"https:\/\/api.w.org\/{rel}","templated":true}]}}