{"id":550,"date":"2025-05-04T09:12:28","date_gmt":"2025-05-04T09:12:28","guid":{"rendered":"https:\/\/www.mielikuva.org\/fi\/?p=550"},"modified":"2025-05-04T09:13:43","modified_gmt":"2025-05-04T09:13:43","slug":"mielikuva-mukana-avintesin-valokuvafestivaaleilla","status":"publish","type":"post","link":"https:\/\/www.mielikuva.org\/fi\/tapahtumat\/mielikuva-mukana-avintesin-valokuvafestivaaleilla\/","title":{"rendered":"Mielikuva mukana Avintesin valokuvafestivaaleilla"},"content":{"rendered":"\n<figure class=\"wp-block-image size-large\"><a href=\"https:\/\/www.mielikuva.org\/fi\/wp-content\/uploads\/2025\/05\/avintesposter.jpg\"><img loading=\"lazy\" decoding=\"async\" width=\"578\" height=\"1024\" src=\"https:\/\/www.mielikuva.org\/fi\/wp-content\/uploads\/2025\/05\/avintesposter-578x1024.jpg\" alt=\"\" class=\"wp-image-551\" srcset=\"https:\/\/www.mielikuva.org\/fi\/wp-content\/uploads\/2025\/05\/avintesposter-578x1024.jpg 578w, https:\/\/www.mielikuva.org\/fi\/wp-content\/uploads\/2025\/05\/avintesposter-169x300.jpg 169w, https:\/\/www.mielikuva.org\/fi\/wp-content\/uploads\/2025\/05\/avintesposter.jpg 610w\" sizes=\"auto, (max-width: 578px) 100vw, 578px\" \/><\/a><\/figure>\n\n\n\n<p>Kameraseura Mielikuva on mukana vuoden 2025 <a href=\"https:\/\/www.instantesffa.com\/por-fin\/\" data-type=\"link\" data-id=\"https:\/\/www.instantesffa.com\/por-fin\/\" target=\"_blank\" rel=\"noreferrer noopener\">Avintesin valokuvafestivaaleill<\/a>a Portugalissa Suomen Kameraseurojen Liiton yhteisty\u00f6kumppanina. Yhteisn\u00e4yttelyn aiheena on Digitaalinen ymp\u00e4rist\u00f6. N\u00e4yttelyss\u00e4 on mukana 20 kuvaa 10 kuvaajalta sek\u00e4 Portugalista ett\u00e4 Suomesta. <\/p>\n\n\n\n<p>Yhteisn\u00e4yttely on avoinna 2.-31.5.2025 Junta de Freguesa de Avintes -talossa. N\u00e4yttely tulee my\u00f6hemmin n\u00e4ht\u00e4ville Yl\u00f6j\u00e4rvell\u00e4.<\/p>\n\n\n\n<p><\/p>\n","protected":false},"excerpt":{"rendered":"<p>Kameraseura Mielikuva on mukana vuoden 2025 Avintesin valokuvafestivaaleilla Portugalissa Suomen Kameraseurojen Liiton yhteisty\u00f6kumppanina. Yhteisn\u00e4yttelyn aiheena on Digitaalinen ymp\u00e4rist\u00f6. N\u00e4yttelyss\u00e4 on mukana 20 kuvaa 10 kuvaajalta sek\u00e4 Portugalista ett\u00e4 Suomesta. Yhteisn\u00e4yttely on avoinna 2.-31.5.2025 Junta de Freguesa de Avintes -talossa. N\u00e4yttely tulee my\u00f6hemmin n\u00e4ht\u00e4ville Yl\u00f6j\u00e4rvell\u00e4.<\/p>\n","protected":false},"author":1,"featured_media":0,"comment_status":"closed","ping_status":"open","sticky":false,"template":"","format":"standard","meta":{"jetpack_post_was_ever_published":false,"_jetpack_newsletter_access":"","_jetpack_dont_email_post_to_subs":false,"_jetpack_newsletter_tier_id":0,"_jetpack_memberships_contains_paywalled_content":false,"_jetpack_memberships_contains_paid_content":false,"footnotes":"","jetpack_publicize_message":"","jetpack_publicize_feature_enabled":true,"jetpack_social_post_already_shared":true,"jetpack_social_options":{"image_generator_settings":{"template":"highway","default_image_id":0,"font":"","enabled":false},"version":2}},"categories":[6,14,4,13],"tags":[58,7],"class_list":["post-550","post","type-post","status-publish","format-standard","hentry","category-nayttelyt","category-sksl","category-tapahtumat","category-uutiset","tag-avintes","tag-nayttely","without-featured-image"],"jetpack_publicize_connections":[],"jetpack_featured_media_url":"","jetpack_sharing_enabled":true,"jetpack_shortlink":"https:\/\/wp.me\/pauhWd-8S","_links":{"self":[{"href":"https:\/\/www.mielikuva.org\/fi\/wp-json\/wp\/v2\/posts\/550","targetHints":{"allow":["GET"]}}],"collection":[{"href":"https:\/\/www.mielikuva.org\/fi\/wp-json\/wp\/v2\/posts"}],"about":[{"href":"https:\/\/www.mielikuva.org\/fi\/wp-json\/wp\/v2\/types\/post"}],"author":[{"embeddable":true,"href":"https:\/\/www.mielikuva.org\/fi\/wp-json\/wp\/v2\/users\/1"}],"replies":[{"embeddable":true,"href":"https:\/\/www.mielikuva.org\/fi\/wp-json\/wp\/v2\/comments?post=550"}],"version-history":[{"count":2,"href":"https:\/\/www.mielikuva.org\/fi\/wp-json\/wp\/v2\/posts\/550\/revisions"}],"predecessor-version":[{"id":553,"href":"https:\/\/www.mielikuva.org\/fi\/wp-json\/wp\/v2\/posts\/550\/revisions\/553"}],"wp:attachment":[{"href":"https:\/\/www.mielikuva.org\/fi\/wp-json\/wp\/v2\/media?parent=550"}],"wp:term":[{"taxonomy":"category","embeddable":true,"href":"https:\/\/www.mielikuva.org\/fi\/wp-json\/wp\/v2\/categories?post=550"},{"taxonomy":"post_tag","embeddable":true,"href":"https:\/\/www.mielikuva.org\/fi\/wp-json\/wp\/v2\/tags?post=550"}],"curies":[{"name":"wp","href":"https:\/\/api.w.org\/{rel}","templated":true}]}}