{"id":538,"date":"2025-04-25T17:26:27","date_gmt":"2025-04-25T17:26:27","guid":{"rendered":"https:\/\/www.mielikuva.org\/fi\/?p=538"},"modified":"2025-04-29T14:11:53","modified_gmt":"2025-04-29T14:11:53","slug":"sksln-vuosinayttely-2025","status":"publish","type":"post","link":"https:\/\/www.mielikuva.org\/fi\/tapahtumat\/sksln-vuosinayttely-2025\/","title":{"rendered":"SKsL:n vuosin\u00e4yttely 2025 Kouvolassa"},"content":{"rendered":"\n<figure class=\"wp-block-image size-large\"><a href=\"https:\/\/www.mielikuva.org\/fi\/wp-content\/uploads\/2025\/04\/Charisma.jpg\"><img loading=\"lazy\" decoding=\"async\" width=\"819\" height=\"1024\" src=\"https:\/\/www.mielikuva.org\/fi\/wp-content\/uploads\/2025\/04\/Charisma-819x1024.jpg\" alt=\"\" class=\"wp-image-542\" srcset=\"https:\/\/www.mielikuva.org\/fi\/wp-content\/uploads\/2025\/04\/Charisma-819x1024.jpg 819w, https:\/\/www.mielikuva.org\/fi\/wp-content\/uploads\/2025\/04\/Charisma-240x300.jpg 240w, https:\/\/www.mielikuva.org\/fi\/wp-content\/uploads\/2025\/04\/Charisma-768x960.jpg 768w, https:\/\/www.mielikuva.org\/fi\/wp-content\/uploads\/2025\/04\/Charisma.jpg 864w\" sizes=\"auto, (max-width: 819px) 100vw, 819px\" \/><\/a><figcaption class=\"wp-element-caption\"><em>Janne Lehti: Charisma<\/em><\/figcaption><\/figure>\n\n\n\n<p>26.4.2025 avautuvassa Suomen Kameraseurojen Liiton <a href=\"https:\/\/www2.sksl.fi\/vuosinayttely\/?_gl=1*1iuy1f1*_ga*MjEyNTgyODczMC4xNjgxNzUwNTQ3*_ga_5DGF90HTKC*MTc0NTU5NzI3NC4xMzAuMS4xNzQ1NjAxNDMwLjAuMC4w\" data-type=\"link\" data-id=\"https:\/\/www2.sksl.fi\/vuosinayttely\/?_gl=1*1iuy1f1*_ga*MjEyNTgyODczMC4xNjgxNzUwNTQ3*_ga_5DGF90HTKC*MTc0NTU5NzI3NC4xMzAuMS4xNzQ1NjAxNDMwLjAuMC4w\" target=\"_blank\" rel=\"noreferrer noopener\">vuosin\u00e4yttelyss\u00e4<\/a> 20 mielikuvalaista sai hyv\u00e4ksynt\u00f6j\u00e4 yhteens\u00e4 40 teoksella. Janne Lehden kuva &#8221;Charisma&#8221; palkittiin kunniakirjalla. Luettelo hyv\u00e4ksytyist\u00e4 kuvista\u00a0<a href=\"https:\/\/www2.sksl.fi\/vuosinayttelyyn-2025-hyvaksytyt-teokset\/\" target=\"_blank\" rel=\"noreferrer noopener\">liiton sivuilla<\/a>.<\/p>\n\n\n\n<figure class=\"wp-block-image size-full\"><a href=\"https:\/\/www.mielikuva.org\/fi\/wp-content\/uploads\/2025\/04\/whooperswans.jpg\"><img loading=\"lazy\" decoding=\"async\" width=\"1024\" height=\"768\" src=\"https:\/\/www.mielikuva.org\/fi\/wp-content\/uploads\/2025\/04\/whooperswans.jpg\" alt=\"\" class=\"wp-image-539\" srcset=\"https:\/\/www.mielikuva.org\/fi\/wp-content\/uploads\/2025\/04\/whooperswans.jpg 1024w, https:\/\/www.mielikuva.org\/fi\/wp-content\/uploads\/2025\/04\/whooperswans-300x225.jpg 300w, https:\/\/www.mielikuva.org\/fi\/wp-content\/uploads\/2025\/04\/whooperswans-768x576.jpg 768w\" sizes=\"auto, (max-width: 1024px) 100vw, 1024px\" \/><\/a><figcaption class=\"wp-element-caption\"><em>Irja Rajam\u00e4ki: Whooper swans<\/em><\/figcaption><\/figure>\n\n\n\n<p><\/p>\n","protected":false},"excerpt":{"rendered":"<p>26.4.2025 avautuvassa Suomen Kameraseurojen Liiton vuosin\u00e4yttelyss\u00e4 20 mielikuvalaista sai hyv\u00e4ksynt\u00f6j\u00e4 yhteens\u00e4 40 teoksella. Janne Lehden kuva &#8221;Charisma&#8221; palkittiin kunniakirjalla. Luettelo hyv\u00e4ksytyist\u00e4 kuvista\u00a0liiton sivuilla.<\/p>\n","protected":false},"author":1,"featured_media":0,"comment_status":"closed","ping_status":"open","sticky":false,"template":"","format":"standard","meta":{"jetpack_post_was_ever_published":false,"_jetpack_newsletter_access":"","_jetpack_dont_email_post_to_subs":false,"_jetpack_newsletter_tier_id":0,"_jetpack_memberships_contains_paywalled_content":false,"_jetpack_memberships_contains_paid_content":false,"footnotes":"","jetpack_publicize_message":"","jetpack_publicize_feature_enabled":true,"jetpack_social_post_already_shared":true,"jetpack_social_options":{"image_generator_settings":{"template":"highway","default_image_id":0,"font":"","enabled":false},"version":2}},"categories":[6,14,4,13],"tags":[47,7,16,15],"class_list":["post-538","post","type-post","status-publish","format-standard","hentry","category-nayttelyt","category-sksl","category-tapahtumat","category-uutiset","tag-kunniakirja","tag-nayttely","tag-sksl","tag-sksln-vuosinayttely","without-featured-image"],"jetpack_publicize_connections":[],"jetpack_featured_media_url":"","jetpack_sharing_enabled":true,"jetpack_shortlink":"https:\/\/wp.me\/pauhWd-8G","_links":{"self":[{"href":"https:\/\/www.mielikuva.org\/fi\/wp-json\/wp\/v2\/posts\/538","targetHints":{"allow":["GET"]}}],"collection":[{"href":"https:\/\/www.mielikuva.org\/fi\/wp-json\/wp\/v2\/posts"}],"about":[{"href":"https:\/\/www.mielikuva.org\/fi\/wp-json\/wp\/v2\/types\/post"}],"author":[{"embeddable":true,"href":"https:\/\/www.mielikuva.org\/fi\/wp-json\/wp\/v2\/users\/1"}],"replies":[{"embeddable":true,"href":"https:\/\/www.mielikuva.org\/fi\/wp-json\/wp\/v2\/comments?post=538"}],"version-history":[{"count":5,"href":"https:\/\/www.mielikuva.org\/fi\/wp-json\/wp\/v2\/posts\/538\/revisions"}],"predecessor-version":[{"id":545,"href":"https:\/\/www.mielikuva.org\/fi\/wp-json\/wp\/v2\/posts\/538\/revisions\/545"}],"wp:attachment":[{"href":"https:\/\/www.mielikuva.org\/fi\/wp-json\/wp\/v2\/media?parent=538"}],"wp:term":[{"taxonomy":"category","embeddable":true,"href":"https:\/\/www.mielikuva.org\/fi\/wp-json\/wp\/v2\/categories?post=538"},{"taxonomy":"post_tag","embeddable":true,"href":"https:\/\/www.mielikuva.org\/fi\/wp-json\/wp\/v2\/tags?post=538"}],"curies":[{"name":"wp","href":"https:\/\/api.w.org\/{rel}","templated":true}]}}