{"id":531,"date":"2025-02-28T17:32:46","date_gmt":"2025-02-28T17:32:46","guid":{"rendered":"https:\/\/www.mielikuva.org\/fi\/?p=531"},"modified":"2025-02-28T17:32:58","modified_gmt":"2025-02-28T17:32:58","slug":"henkilokuva-nayttely-vanhan-raikan-kahvilassa","status":"publish","type":"post","link":"https:\/\/www.mielikuva.org\/fi\/tapahtumat\/nayttelyt\/henkilokuva-nayttely-vanhan-raikan-kahvilassa\/","title":{"rendered":"Henkil\u00f6kuva-n\u00e4yttely Vanhan R\u00e4ik\u00e4n kahvilassa"},"content":{"rendered":"\n<figure class=\"wp-block-image size-large\"><a href=\"http:\/\/www.mielikuva.org\/fi\/wp-content\/uploads\/2025\/02\/Monalisa_overdrive.jpg\"><img loading=\"lazy\" decoding=\"async\" width=\"1024\" height=\"1024\" src=\"http:\/\/www.mielikuva.org\/fi\/wp-content\/uploads\/2025\/02\/Monalisa_overdrive-1024x1024.jpg\" alt=\"\" class=\"wp-image-532\" srcset=\"https:\/\/www.mielikuva.org\/fi\/wp-content\/uploads\/2025\/02\/Monalisa_overdrive-1024x1024.jpg 1024w, https:\/\/www.mielikuva.org\/fi\/wp-content\/uploads\/2025\/02\/Monalisa_overdrive-300x300.jpg 300w, https:\/\/www.mielikuva.org\/fi\/wp-content\/uploads\/2025\/02\/Monalisa_overdrive-150x150.jpg 150w, https:\/\/www.mielikuva.org\/fi\/wp-content\/uploads\/2025\/02\/Monalisa_overdrive-768x768.jpg 768w, https:\/\/www.mielikuva.org\/fi\/wp-content\/uploads\/2025\/02\/Monalisa_overdrive-180x180.jpg 180w, https:\/\/www.mielikuva.org\/fi\/wp-content\/uploads\/2025\/02\/Monalisa_overdrive.jpg 1200w\" sizes=\"auto, (max-width: 1024px) 100vw, 1024px\" \/><\/a><figcaption class=\"wp-element-caption\">Harri Laitinen: Monalisa Overdrive<\/figcaption><\/figure>\n\n\n\n<p>Kameraseura Mielikuvan Henkil\u00f6kuva-n\u00e4yttelyss\u00e4 on esill\u00e4 35 kuvan monipuolinen kokoelma muotokuvia yht\u00e4 monelta seuran j\u00e4senelt\u00e4. N\u00e4yttely on avoinna Vanhan R\u00e4ik\u00e4n kahvilassa (Kuruntie 12) 28.2.-31.3.2025 kahvilan aukioloaikoina, p\u00e4\u00e4s\u00e4\u00e4nt\u00f6isesti ma-pe klo 8-17.<\/p>\n\n\n\n<p><\/p>\n","protected":false},"excerpt":{"rendered":"<p>Kameraseura Mielikuvan Henkil\u00f6kuva-n\u00e4yttelyss\u00e4 on esill\u00e4 35 kuvan monipuolinen kokoelma muotokuvia yht\u00e4 monelta seuran j\u00e4senelt\u00e4. N\u00e4yttely on avoinna Vanhan R\u00e4ik\u00e4n kahvilassa (Kuruntie 12) 28.2.-31.3.2025 kahvilan aukioloaikoina, p\u00e4\u00e4s\u00e4\u00e4nt\u00f6isesti ma-pe klo 8-17.<\/p>\n","protected":false},"author":1,"featured_media":0,"comment_status":"closed","ping_status":"open","sticky":false,"template":"","format":"standard","meta":{"jetpack_post_was_ever_published":false,"_jetpack_newsletter_access":"","_jetpack_dont_email_post_to_subs":false,"_jetpack_newsletter_tier_id":0,"_jetpack_memberships_contains_paywalled_content":false,"_jetpack_memberships_contains_paid_content":false,"footnotes":"","jetpack_publicize_message":"","jetpack_publicize_feature_enabled":true,"jetpack_social_post_already_shared":true,"jetpack_social_options":{"image_generator_settings":{"template":"highway","default_image_id":0,"font":"","enabled":false},"version":2}},"categories":[6,13],"tags":[7,8],"class_list":["post-531","post","type-post","status-publish","format-standard","hentry","category-nayttelyt","category-uutiset","tag-nayttely","tag-ylojarvi","without-featured-image"],"jetpack_publicize_connections":[],"jetpack_featured_media_url":"","jetpack_sharing_enabled":true,"jetpack_shortlink":"https:\/\/wp.me\/pauhWd-8z","_links":{"self":[{"href":"https:\/\/www.mielikuva.org\/fi\/wp-json\/wp\/v2\/posts\/531","targetHints":{"allow":["GET"]}}],"collection":[{"href":"https:\/\/www.mielikuva.org\/fi\/wp-json\/wp\/v2\/posts"}],"about":[{"href":"https:\/\/www.mielikuva.org\/fi\/wp-json\/wp\/v2\/types\/post"}],"author":[{"embeddable":true,"href":"https:\/\/www.mielikuva.org\/fi\/wp-json\/wp\/v2\/users\/1"}],"replies":[{"embeddable":true,"href":"https:\/\/www.mielikuva.org\/fi\/wp-json\/wp\/v2\/comments?post=531"}],"version-history":[{"count":2,"href":"https:\/\/www.mielikuva.org\/fi\/wp-json\/wp\/v2\/posts\/531\/revisions"}],"predecessor-version":[{"id":534,"href":"https:\/\/www.mielikuva.org\/fi\/wp-json\/wp\/v2\/posts\/531\/revisions\/534"}],"wp:attachment":[{"href":"https:\/\/www.mielikuva.org\/fi\/wp-json\/wp\/v2\/media?parent=531"}],"wp:term":[{"taxonomy":"category","embeddable":true,"href":"https:\/\/www.mielikuva.org\/fi\/wp-json\/wp\/v2\/categories?post=531"},{"taxonomy":"post_tag","embeddable":true,"href":"https:\/\/www.mielikuva.org\/fi\/wp-json\/wp\/v2\/tags?post=531"}],"curies":[{"name":"wp","href":"https:\/\/api.w.org\/{rel}","templated":true}]}}