{"id":519,"date":"2024-11-15T14:46:31","date_gmt":"2024-11-15T14:46:31","guid":{"rendered":"https:\/\/www.mielikuva.org\/fi\/?p=519"},"modified":"2024-11-15T14:46:32","modified_gmt":"2024-11-15T14:46:32","slug":"rytmia-sksln-teemanayttelyssa","status":"publish","type":"post","link":"https:\/\/www.mielikuva.org\/fi\/tapahtumat\/rytmia-sksln-teemanayttelyssa\/","title":{"rendered":"Rytmi\u00e4 SKsL:n teeman\u00e4yttelyss\u00e4"},"content":{"rendered":"\n<figure class=\"wp-block-image size-full\"><a href=\"https:\/\/www.mielikuva.org\/fi\/wp-content\/uploads\/2024\/11\/Viehkeaa_vari-iloa.jpg\"><img loading=\"lazy\" decoding=\"async\" width=\"1024\" height=\"768\" src=\"https:\/\/www.mielikuva.org\/fi\/wp-content\/uploads\/2024\/11\/Viehkeaa_vari-iloa.jpg\" alt=\"\" class=\"wp-image-520\" srcset=\"https:\/\/www.mielikuva.org\/fi\/wp-content\/uploads\/2024\/11\/Viehkeaa_vari-iloa.jpg 1024w, https:\/\/www.mielikuva.org\/fi\/wp-content\/uploads\/2024\/11\/Viehkeaa_vari-iloa-300x225.jpg 300w, https:\/\/www.mielikuva.org\/fi\/wp-content\/uploads\/2024\/11\/Viehkeaa_vari-iloa-768x576.jpg 768w\" sizes=\"auto, (max-width: 1024px) 100vw, 1024px\" \/><\/a><figcaption class=\"wp-element-caption\"><em>Soili Aaltonen: Viehke\u00e4\u00e4 v\u00e4ri-iloa<\/em><\/figcaption><\/figure>\n\n\n\n<p>Kuopiossa 16.11.2024 avattavaan Suomen Kameraseurojen Liiton Rytmi-teeman\u00e4yttelyyn hyv\u00e4ksyttiin mielikuvalaisilta 40 teosta, joista kunniakirjalla palkittiin Soili Aaltosen kuva &#8221;Viehke\u00e4\u00e4 v\u00e4ri-iloa&#8221;, Tuula Hautam\u00e4en kuva &#8221;Seeds&#8221; sek\u00e4 Tytti Valkaman kuva &#8221;Yy kaa koo, nyt l\u00e4htee&#8221;.<\/p>\n\n\n\n<figure class=\"wp-block-image size-full\"><a href=\"https:\/\/www.mielikuva.org\/fi\/wp-content\/uploads\/2024\/11\/Seeds.jpg\"><img loading=\"lazy\" decoding=\"async\" width=\"683\" height=\"1024\" src=\"https:\/\/www.mielikuva.org\/fi\/wp-content\/uploads\/2024\/11\/Seeds.jpg\" alt=\"\" class=\"wp-image-521\" srcset=\"https:\/\/www.mielikuva.org\/fi\/wp-content\/uploads\/2024\/11\/Seeds.jpg 683w, https:\/\/www.mielikuva.org\/fi\/wp-content\/uploads\/2024\/11\/Seeds-200x300.jpg 200w\" sizes=\"auto, (max-width: 683px) 100vw, 683px\" \/><\/a><figcaption class=\"wp-element-caption\"><em>Tuula Hautam\u00e4ki: Seeds<\/em><\/figcaption><\/figure>\n\n\n\n<p>Luettelo hyv\u00e4ksytyist\u00e4 kuvista <a href=\"https:\/\/www2.sksl.fi\/vuosi-ja-teemanayttelyiden-tuloksia\/teemanayttelyyn-2024-rytmi-valitut-teokset\/\" data-type=\"link\" data-id=\"https:\/\/www2.sksl.fi\/vuosi-ja-teemanayttelyiden-tuloksia\/teemanayttelyyn-2024-rytmi-valitut-teokset\/\" target=\"_blank\" rel=\"noreferrer noopener\">SKsL:n sivuilla<\/a>.<\/p>\n\n\n\n<figure class=\"wp-block-image size-full\"><a href=\"https:\/\/www.mielikuva.org\/fi\/wp-content\/uploads\/2024\/11\/Yy_kaa_koo_nyt_lahtee.jpg\"><img loading=\"lazy\" decoding=\"async\" width=\"1024\" height=\"884\" src=\"https:\/\/www.mielikuva.org\/fi\/wp-content\/uploads\/2024\/11\/Yy_kaa_koo_nyt_lahtee.jpg\" alt=\"\" class=\"wp-image-522\" srcset=\"https:\/\/www.mielikuva.org\/fi\/wp-content\/uploads\/2024\/11\/Yy_kaa_koo_nyt_lahtee.jpg 1024w, https:\/\/www.mielikuva.org\/fi\/wp-content\/uploads\/2024\/11\/Yy_kaa_koo_nyt_lahtee-300x259.jpg 300w, https:\/\/www.mielikuva.org\/fi\/wp-content\/uploads\/2024\/11\/Yy_kaa_koo_nyt_lahtee-768x663.jpg 768w\" sizes=\"auto, (max-width: 1024px) 100vw, 1024px\" \/><\/a><\/figure>\n\n\n\n<p><em>Tytti Valkama: Yy kaa koo, nyt l\u00e4htee<\/em><\/p>\n","protected":false},"excerpt":{"rendered":"<p>Kuopiossa 16.11.2024 avattavaan Suomen Kameraseurojen Liiton Rytmi-teeman\u00e4yttelyyn hyv\u00e4ksyttiin mielikuvalaisilta 40 teosta, joista kunniakirjalla palkittiin Soili Aaltosen kuva &#8221;Viehke\u00e4\u00e4 v\u00e4ri-iloa&#8221;, Tuula Hautam\u00e4en kuva &#8221;Seeds&#8221; sek\u00e4 Tytti Valkaman kuva &#8221;Yy kaa koo, nyt l\u00e4htee&#8221;. Luettelo hyv\u00e4ksytyist\u00e4 kuvista SKsL:n sivuilla. Tytti Valkama: Yy kaa koo, nyt l\u00e4htee<\/p>\n","protected":false},"author":1,"featured_media":0,"comment_status":"closed","ping_status":"open","sticky":false,"template":"","format":"standard","meta":{"jetpack_post_was_ever_published":false,"_jetpack_newsletter_access":"","_jetpack_dont_email_post_to_subs":false,"_jetpack_newsletter_tier_id":0,"_jetpack_memberships_contains_paywalled_content":false,"_jetpack_memberships_contains_paid_content":false,"footnotes":"","jetpack_publicize_message":"","jetpack_publicize_feature_enabled":true,"jetpack_social_post_already_shared":true,"jetpack_social_options":{"image_generator_settings":{"template":"highway","default_image_id":0,"font":"","enabled":false},"version":2}},"categories":[6,14,4,13],"tags":[47,7,16,27],"class_list":["post-519","post","type-post","status-publish","format-standard","hentry","category-nayttelyt","category-sksl","category-tapahtumat","category-uutiset","tag-kunniakirja","tag-nayttely","tag-sksl","tag-sksln-teemanayttely","without-featured-image"],"jetpack_publicize_connections":[],"jetpack_featured_media_url":"","jetpack_sharing_enabled":true,"jetpack_shortlink":"https:\/\/wp.me\/pauhWd-8n","_links":{"self":[{"href":"https:\/\/www.mielikuva.org\/fi\/wp-json\/wp\/v2\/posts\/519","targetHints":{"allow":["GET"]}}],"collection":[{"href":"https:\/\/www.mielikuva.org\/fi\/wp-json\/wp\/v2\/posts"}],"about":[{"href":"https:\/\/www.mielikuva.org\/fi\/wp-json\/wp\/v2\/types\/post"}],"author":[{"embeddable":true,"href":"https:\/\/www.mielikuva.org\/fi\/wp-json\/wp\/v2\/users\/1"}],"replies":[{"embeddable":true,"href":"https:\/\/www.mielikuva.org\/fi\/wp-json\/wp\/v2\/comments?post=519"}],"version-history":[{"count":1,"href":"https:\/\/www.mielikuva.org\/fi\/wp-json\/wp\/v2\/posts\/519\/revisions"}],"predecessor-version":[{"id":523,"href":"https:\/\/www.mielikuva.org\/fi\/wp-json\/wp\/v2\/posts\/519\/revisions\/523"}],"wp:attachment":[{"href":"https:\/\/www.mielikuva.org\/fi\/wp-json\/wp\/v2\/media?parent=519"}],"wp:term":[{"taxonomy":"category","embeddable":true,"href":"https:\/\/www.mielikuva.org\/fi\/wp-json\/wp\/v2\/categories?post=519"},{"taxonomy":"post_tag","embeddable":true,"href":"https:\/\/www.mielikuva.org\/fi\/wp-json\/wp\/v2\/tags?post=519"}],"curies":[{"name":"wp","href":"https:\/\/api.w.org\/{rel}","templated":true}]}}