{"id":516,"date":"2024-11-11T14:48:49","date_gmt":"2024-11-11T14:48:49","guid":{"rendered":"https:\/\/www.mielikuva.org\/fi\/?p=516"},"modified":"2024-11-11T14:48:50","modified_gmt":"2024-11-11T14:48:50","slug":"luonto-ja-vuodenajat-nayttely-ravintola-keitaassa","status":"publish","type":"post","link":"https:\/\/www.mielikuva.org\/fi\/tapahtumat\/nayttelyt\/luonto-ja-vuodenajat-nayttely-ravintola-keitaassa\/","title":{"rendered":"Luonto ja vuodenajat -n\u00e4yttely Ravintola Keitaassa"},"content":{"rendered":"\n<figure class=\"wp-block-image size-full\"><a href=\"https:\/\/www.mielikuva.org\/fi\/wp-content\/uploads\/2024\/11\/kesan_hempeytta.jpg\"><img loading=\"lazy\" decoding=\"async\" width=\"768\" height=\"1024\" src=\"https:\/\/www.mielikuva.org\/fi\/wp-content\/uploads\/2024\/11\/kesan_hempeytta.jpg\" alt=\"\" class=\"wp-image-517\" srcset=\"https:\/\/www.mielikuva.org\/fi\/wp-content\/uploads\/2024\/11\/kesan_hempeytta.jpg 768w, https:\/\/www.mielikuva.org\/fi\/wp-content\/uploads\/2024\/11\/kesan_hempeytta-225x300.jpg 225w\" sizes=\"auto, (max-width: 768px) 100vw, 768px\" \/><\/a><figcaption class=\"wp-element-caption\"><em>Marja-Liisa Kivist\u00f6: Kes\u00e4n hempeytt\u00e4<\/em><\/figcaption><\/figure>\n\n\n\n<p>Seuran j\u00e4senten luontokuvia on esill\u00e4 Ravintola Keitaassa (Asemantie 4, Yl\u00f6j\u00e4rvi) 2.12.2024 asti ravintolan aukioloaikoina arkisin klo 8-15.<\/p>\n","protected":false},"excerpt":{"rendered":"<p>Seuran j\u00e4senten luontokuvia on esill\u00e4 Ravintola Keitaassa (Asemantie 4, Yl\u00f6j\u00e4rvi) 2.12.2024 asti ravintolan aukioloaikoina arkisin klo 8-15.<\/p>\n","protected":false},"author":1,"featured_media":0,"comment_status":"closed","ping_status":"open","sticky":false,"template":"","format":"standard","meta":{"jetpack_post_was_ever_published":false,"_jetpack_newsletter_access":"","_jetpack_dont_email_post_to_subs":false,"_jetpack_newsletter_tier_id":0,"_jetpack_memberships_contains_paywalled_content":false,"_jetpack_memberships_contains_paid_content":false,"footnotes":"","jetpack_publicize_message":"","jetpack_publicize_feature_enabled":true,"jetpack_social_post_already_shared":true,"jetpack_social_options":{"image_generator_settings":{"template":"highway","default_image_id":0,"font":"","enabled":false},"version":2}},"categories":[6,13],"tags":[7,8],"class_list":["post-516","post","type-post","status-publish","format-standard","hentry","category-nayttelyt","category-uutiset","tag-nayttely","tag-ylojarvi","without-featured-image"],"jetpack_publicize_connections":[],"jetpack_featured_media_url":"","jetpack_sharing_enabled":true,"jetpack_shortlink":"https:\/\/wp.me\/pauhWd-8k","_links":{"self":[{"href":"https:\/\/www.mielikuva.org\/fi\/wp-json\/wp\/v2\/posts\/516","targetHints":{"allow":["GET"]}}],"collection":[{"href":"https:\/\/www.mielikuva.org\/fi\/wp-json\/wp\/v2\/posts"}],"about":[{"href":"https:\/\/www.mielikuva.org\/fi\/wp-json\/wp\/v2\/types\/post"}],"author":[{"embeddable":true,"href":"https:\/\/www.mielikuva.org\/fi\/wp-json\/wp\/v2\/users\/1"}],"replies":[{"embeddable":true,"href":"https:\/\/www.mielikuva.org\/fi\/wp-json\/wp\/v2\/comments?post=516"}],"version-history":[{"count":1,"href":"https:\/\/www.mielikuva.org\/fi\/wp-json\/wp\/v2\/posts\/516\/revisions"}],"predecessor-version":[{"id":518,"href":"https:\/\/www.mielikuva.org\/fi\/wp-json\/wp\/v2\/posts\/516\/revisions\/518"}],"wp:attachment":[{"href":"https:\/\/www.mielikuva.org\/fi\/wp-json\/wp\/v2\/media?parent=516"}],"wp:term":[{"taxonomy":"category","embeddable":true,"href":"https:\/\/www.mielikuva.org\/fi\/wp-json\/wp\/v2\/categories?post=516"},{"taxonomy":"post_tag","embeddable":true,"href":"https:\/\/www.mielikuva.org\/fi\/wp-json\/wp\/v2\/tags?post=516"}],"curies":[{"name":"wp","href":"https:\/\/api.w.org\/{rel}","templated":true}]}}