{"id":497,"date":"2024-01-09T15:12:12","date_gmt":"2024-01-09T15:12:12","guid":{"rendered":"https:\/\/www.mielikuva.org\/fi\/?p=497"},"modified":"2024-04-18T16:16:13","modified_gmt":"2024-04-18T16:16:13","slug":"sksln-vuosinayttely-2024-ylojarvella","status":"publish","type":"post","link":"https:\/\/www.mielikuva.org\/fi\/tapahtumat\/sksln-vuosinayttely-2024-ylojarvella\/","title":{"rendered":"SKsL:n vuosin\u00e4yttely 2024 Yl\u00f6j\u00e4rvell\u00e4"},"content":{"rendered":"\n<figure class=\"wp-block-image size-large\"><a href=\"https:\/\/www.mielikuva.org\/fi\/wp-content\/uploads\/2024\/04\/668-22908-Touch.jpg\"><img loading=\"lazy\" decoding=\"async\" width=\"768\" height=\"1024\" src=\"https:\/\/www.mielikuva.org\/fi\/wp-content\/uploads\/2024\/04\/668-22908-Touch-768x1024.jpg\" alt=\"\" class=\"wp-image-506\" srcset=\"https:\/\/www.mielikuva.org\/fi\/wp-content\/uploads\/2024\/04\/668-22908-Touch-768x1024.jpg 768w, https:\/\/www.mielikuva.org\/fi\/wp-content\/uploads\/2024\/04\/668-22908-Touch-225x300.jpg 225w, https:\/\/www.mielikuva.org\/fi\/wp-content\/uploads\/2024\/04\/668-22908-Touch.jpg 810w\" sizes=\"auto, (max-width: 768px) 100vw, 768px\" \/><\/a><figcaption class=\"wp-element-caption\">Monica Lumiainen: Touch, SKsL:n vuosin\u00e4yttelyn 2024 Raadin Mielikuva<\/figcaption><\/figure>\n\n\n\n<p>Kameraseura Mielikuva ry Yl\u00f6j\u00e4rvelt\u00e4 j\u00e4rjest\u00e4\u00e4 Suomen Kameraseurojen Liiton vuoden 2024 vuosin\u00e4yttelyn. N\u00e4yttelyn avajaiset ovat\u00a0lauantaina 20. huhtikuuta 2024 kello 14:30-16:00 Kulttuuritalo Sauriossa, osoite Sauriontie 1, Yl\u00f6j\u00e4rvi. V\u00e4litt\u00f6m\u00e4sti avajaisten j\u00e4lkeen samassa paikassa on\u00a0kansainv\u00e4lisen 7th International Digital Exhibition Vision 2024 -n\u00e4yttelyn\u00a0avajaiset, kuvaesitys ja palkintojenjako\u00a0kello 16:15\u201317:45.\u00a0Visionin kuvaesitykseen ovat tervetulleita Visioniin osallistuneiden ohessa vuosin\u00e4yttelyn avajaisiin ja kev\u00e4tkokousviikonloppuun osallistuvat.<\/p>\n\n\n\n<p>Vuosin\u00e4yttelyn vedokset ovat esill\u00e4 20.4.- 5.5.2024 kello 12-18 (vappuaattona ja vapunp\u00e4iv\u00e4n\u00e4 sek\u00e4 lauantaisin suljettu) Kulttuuritalo Sauriossa, osoite Sauriontie 1, Yl\u00f6j\u00e4rvi. Lis\u00e4ksi vuosin\u00e4yttelyn digisarjoihin hyv\u00e4ksytyist\u00e4 kuvista on NON-STOP-esitys Yl\u00f6j\u00e4rven p\u00e4\u00e4kirjasto Leijassa, Koivum\u00e4entie 2, 22.4.- 4.5.2024 kirjaston <a href=\"https:\/\/www.ylojarvi.fi\/ylojarven-paakirjasto-leija\/\"><span style=\"text-decoration: underline;\">aukioloaikoina<\/span><\/a>.<\/p>\n\n\n\n<p>N\u00e4yttelyn tulokset ovat n\u00e4ht\u00e4vill\u00e4 SKsL:n <a href=\"https:\/\/www2.sksl.fi\/vuosi-ja-teemanayttelyiden-tuloksia\/vuosinayttelyyn-2024-hyvaksytyt-teokset\/\"><span style=\"text-decoration: underline;\">tulossivulla<\/span><\/a>. Kuvia p\u00e4\u00e4see katsomaan <a href=\"https:\/\/sksl.fotogenius.es\/paasy#results_salons\"><span style=\"text-decoration: underline;\">Fotogeniuksen palvelusta<\/span><\/a>.<\/p>\n","protected":false},"excerpt":{"rendered":"<p>Kameraseura Mielikuva ry Yl\u00f6j\u00e4rvelt\u00e4 j\u00e4rjest\u00e4\u00e4 Suomen Kameraseurojen Liiton vuoden 2024 vuosin\u00e4yttelyn. N\u00e4yttelyn avajaiset ovat\u00a0lauantaina 20. huhtikuuta 2024 kello 14:30-16:00 Kulttuuritalo Sauriossa, osoite Sauriontie 1, Yl\u00f6j\u00e4rvi. V\u00e4litt\u00f6m\u00e4sti avajaisten j\u00e4lkeen samassa paikassa on\u00a0kansainv\u00e4lisen 7th International Digital Exhibition Vision 2024 -n\u00e4yttelyn\u00a0avajaiset, kuvaesitys ja palkintojenjako\u00a0kello 16:15\u201317:45.\u00a0Visionin kuvaesitykseen ovat tervetulleita Visioniin osallistuneiden ohessa vuosin\u00e4yttelyn avajaisiin ja kev\u00e4tkokousviikonloppuun osallistuvat. Vuosin\u00e4yttelyn vedokset&hellip; <a href=\"https:\/\/www.mielikuva.org\/fi\/tapahtumat\/sksln-vuosinayttely-2024-ylojarvella\/\" class=\"more-link\">Jatka lukemista <span class=\"screen-reader-text\">SKsL:n vuosin\u00e4yttely 2024 Yl\u00f6j\u00e4rvell\u00e4<\/span><\/a><\/p>\n","protected":false},"author":1,"featured_media":0,"comment_status":"closed","ping_status":"open","sticky":false,"template":"","format":"standard","meta":{"jetpack_post_was_ever_published":false,"_jetpack_newsletter_access":"","_jetpack_dont_email_post_to_subs":false,"_jetpack_newsletter_tier_id":0,"_jetpack_memberships_contains_paywalled_content":false,"_jetpack_memberships_contains_paid_content":false,"footnotes":"","jetpack_publicize_message":"","jetpack_publicize_feature_enabled":true,"jetpack_social_post_already_shared":true,"jetpack_social_options":{"image_generator_settings":{"template":"highway","default_image_id":0,"font":"","enabled":false},"version":2}},"categories":[6,14,4,13],"tags":[9,7,55,16,15,8],"class_list":["post-497","post","type-post","status-publish","format-standard","hentry","category-nayttelyt","category-sksl","category-tapahtumat","category-uutiset","tag-leija","tag-nayttely","tag-saurio","tag-sksl","tag-sksln-vuosinayttely","tag-ylojarvi","without-featured-image"],"jetpack_publicize_connections":[],"jetpack_featured_media_url":"","jetpack_sharing_enabled":true,"jetpack_shortlink":"https:\/\/wp.me\/pauhWd-81","_links":{"self":[{"href":"https:\/\/www.mielikuva.org\/fi\/wp-json\/wp\/v2\/posts\/497","targetHints":{"allow":["GET"]}}],"collection":[{"href":"https:\/\/www.mielikuva.org\/fi\/wp-json\/wp\/v2\/posts"}],"about":[{"href":"https:\/\/www.mielikuva.org\/fi\/wp-json\/wp\/v2\/types\/post"}],"author":[{"embeddable":true,"href":"https:\/\/www.mielikuva.org\/fi\/wp-json\/wp\/v2\/users\/1"}],"replies":[{"embeddable":true,"href":"https:\/\/www.mielikuva.org\/fi\/wp-json\/wp\/v2\/comments?post=497"}],"version-history":[{"count":7,"href":"https:\/\/www.mielikuva.org\/fi\/wp-json\/wp\/v2\/posts\/497\/revisions"}],"predecessor-version":[{"id":511,"href":"https:\/\/www.mielikuva.org\/fi\/wp-json\/wp\/v2\/posts\/497\/revisions\/511"}],"wp:attachment":[{"href":"https:\/\/www.mielikuva.org\/fi\/wp-json\/wp\/v2\/media?parent=497"}],"wp:term":[{"taxonomy":"category","embeddable":true,"href":"https:\/\/www.mielikuva.org\/fi\/wp-json\/wp\/v2\/categories?post=497"},{"taxonomy":"post_tag","embeddable":true,"href":"https:\/\/www.mielikuva.org\/fi\/wp-json\/wp\/v2\/tags?post=497"}],"curies":[{"name":"wp","href":"https:\/\/api.w.org\/{rel}","templated":true}]}}