{"id":459,"date":"2022-11-02T20:22:38","date_gmt":"2022-11-02T20:22:38","guid":{"rendered":"https:\/\/www.mielikuva.org\/fi\/?p=459"},"modified":"2022-11-02T20:22:40","modified_gmt":"2022-11-02T20:22:40","slug":"luonto-kuvaajan-silmin","status":"publish","type":"post","link":"https:\/\/www.mielikuva.org\/fi\/tapahtumat\/luonto-kuvaajan-silmin\/","title":{"rendered":"Luonto kuvaajan silmin"},"content":{"rendered":"\n<figure class=\"wp-block-image size-large\"><a href=\"https:\/\/www.mielikuva.org\/fi\/wp-content\/uploads\/2022\/11\/Veijo_Rio_Kolin_kansallismaisema.jpg\"><img loading=\"lazy\" decoding=\"async\" width=\"1024\" height=\"683\" src=\"https:\/\/www.mielikuva.org\/fi\/wp-content\/uploads\/2022\/11\/Veijo_Rio_Kolin_kansallismaisema-1024x683.jpg\" alt=\"\" class=\"wp-image-461\" srcset=\"https:\/\/www.mielikuva.org\/fi\/wp-content\/uploads\/2022\/11\/Veijo_Rio_Kolin_kansallismaisema-1024x683.jpg 1024w, https:\/\/www.mielikuva.org\/fi\/wp-content\/uploads\/2022\/11\/Veijo_Rio_Kolin_kansallismaisema-300x200.jpg 300w, https:\/\/www.mielikuva.org\/fi\/wp-content\/uploads\/2022\/11\/Veijo_Rio_Kolin_kansallismaisema-768x512.jpg 768w, https:\/\/www.mielikuva.org\/fi\/wp-content\/uploads\/2022\/11\/Veijo_Rio_Kolin_kansallismaisema-1536x1024.jpg 1536w, https:\/\/www.mielikuva.org\/fi\/wp-content\/uploads\/2022\/11\/Veijo_Rio_Kolin_kansallismaisema-2048x1366.jpg 2048w\" sizes=\"auto, (max-width: 1024px) 100vw, 1024px\" \/><\/a><figcaption><em>Veijo Rio: Kolin kansallismaisema<\/em><\/figcaption><\/figure>\n\n\n\n<p>Kameraseura Mielikuvan n\u00e4yttely &#8221;Luonto kuvaajan silmin&#8221; on esill\u00e4 Vanhan R\u00e4ik\u00e4n kahvilassa (Kuruntie 12, Yl\u00f6j\u00e4rvi) 2.11.-24.11.2022 kahvilan aukioloaikoina (ma-pe 10-17, la 11-15). Tervetuloa!<\/p>\n","protected":false},"excerpt":{"rendered":"<p>Kameraseura Mielikuvan n\u00e4yttely &#8221;Luonto kuvaajan silmin&#8221; on esill\u00e4 Vanhan R\u00e4ik\u00e4n kahvilassa (Kuruntie 12, Yl\u00f6j\u00e4rvi) 2.11.-24.11.2022 kahvilan aukioloaikoina (ma-pe 10-17, la 11-15). Tervetuloa!<\/p>\n","protected":false},"author":1,"featured_media":0,"comment_status":"closed","ping_status":"open","sticky":false,"template":"","format":"standard","meta":{"jetpack_post_was_ever_published":false,"_jetpack_newsletter_access":"","_jetpack_dont_email_post_to_subs":false,"_jetpack_newsletter_tier_id":0,"_jetpack_memberships_contains_paywalled_content":false,"_jetpack_memberships_contains_paid_content":false,"footnotes":"","jetpack_publicize_message":"","jetpack_publicize_feature_enabled":true,"jetpack_social_post_already_shared":true,"jetpack_social_options":{"image_generator_settings":{"template":"highway","default_image_id":0,"font":"","enabled":false},"version":2}},"categories":[6,4],"tags":[49,50,7,34,8],"class_list":["post-459","post","type-post","status-publish","format-standard","hentry","category-nayttelyt","category-tapahtumat","tag-luonto","tag-luontokuva","tag-nayttely","tag-vanha-raikka","tag-ylojarvi","without-featured-image"],"jetpack_publicize_connections":[],"jetpack_featured_media_url":"","jetpack_sharing_enabled":true,"jetpack_shortlink":"https:\/\/wp.me\/pauhWd-7p","_links":{"self":[{"href":"https:\/\/www.mielikuva.org\/fi\/wp-json\/wp\/v2\/posts\/459","targetHints":{"allow":["GET"]}}],"collection":[{"href":"https:\/\/www.mielikuva.org\/fi\/wp-json\/wp\/v2\/posts"}],"about":[{"href":"https:\/\/www.mielikuva.org\/fi\/wp-json\/wp\/v2\/types\/post"}],"author":[{"embeddable":true,"href":"https:\/\/www.mielikuva.org\/fi\/wp-json\/wp\/v2\/users\/1"}],"replies":[{"embeddable":true,"href":"https:\/\/www.mielikuva.org\/fi\/wp-json\/wp\/v2\/comments?post=459"}],"version-history":[{"count":1,"href":"https:\/\/www.mielikuva.org\/fi\/wp-json\/wp\/v2\/posts\/459\/revisions"}],"predecessor-version":[{"id":462,"href":"https:\/\/www.mielikuva.org\/fi\/wp-json\/wp\/v2\/posts\/459\/revisions\/462"}],"wp:attachment":[{"href":"https:\/\/www.mielikuva.org\/fi\/wp-json\/wp\/v2\/media?parent=459"}],"wp:term":[{"taxonomy":"category","embeddable":true,"href":"https:\/\/www.mielikuva.org\/fi\/wp-json\/wp\/v2\/categories?post=459"},{"taxonomy":"post_tag","embeddable":true,"href":"https:\/\/www.mielikuva.org\/fi\/wp-json\/wp\/v2\/tags?post=459"}],"curies":[{"name":"wp","href":"https:\/\/api.w.org\/{rel}","templated":true}]}}