{"id":262,"date":"2019-10-20T09:31:50","date_gmt":"2019-10-20T09:31:50","guid":{"rendered":"http:\/\/www.mielikuva.org\/fi\/?p=262"},"modified":"2020-05-01T09:01:26","modified_gmt":"2020-05-01T09:01:26","slug":"jasenkilpailu-varikas","status":"publish","type":"post","link":"https:\/\/www.mielikuva.org\/fi\/tapahtumat\/jasenkilpailu-varikas\/","title":{"rendered":"J\u00e4senkilpailu &#8221;V\u00e4rik\u00e4s&#8221;"},"content":{"rendered":"<p><a href=\"http:\/\/www.mielikuva.org\/fi\/wp-content\/uploads\/2019\/10\/varikas.jpg\"><img loading=\"lazy\" decoding=\"async\" class=\"alignnone size-large wp-image-263\" src=\"http:\/\/www.mielikuva.org\/fi\/wp-content\/uploads\/2019\/10\/varikas-1024x576.jpg\" alt=\"\" width=\"825\" height=\"464\" srcset=\"https:\/\/www.mielikuva.org\/fi\/wp-content\/uploads\/2019\/10\/varikas-1024x576.jpg 1024w, https:\/\/www.mielikuva.org\/fi\/wp-content\/uploads\/2019\/10\/varikas-300x169.jpg 300w, https:\/\/www.mielikuva.org\/fi\/wp-content\/uploads\/2019\/10\/varikas-768x432.jpg 768w, https:\/\/www.mielikuva.org\/fi\/wp-content\/uploads\/2019\/10\/varikas.jpg 2048w\" sizes=\"auto, (max-width: 825px) 100vw, 825px\" \/><\/a><\/p>\n<p>Valokuvakilpailu Mielikuvan j\u00e4senille, teemana &#8221;V\u00e4rik\u00e4s&#8221;. L\u00e4het\u00e4 kuvasi (max 3 kpl\/j\u00e4sen) 31.10.2019 menness\u00e4 osoitteeseen <em>kameraseura.kuvat (at) gmail.com<\/em>. Muista nimet\u00e4 kuvasi! Tuomareina toimivat H\u00e4meenkyr\u00f6n kameraseurasta Erkki Luumi, Ulla Kangasperko ja Mauno Raittinen.<\/p>\n<p>J\u00e4senkilpailun tulokset julkaistaan marraskuun j\u00e4senillassa, joka j\u00e4rjestet\u00e4\u00e4n yhteisty\u00f6ss\u00e4 H\u00e4meenkyr\u00f6n Kameraseuran kanssa Yl\u00f6j\u00e4rven p\u00e4\u00e4kirjasto Leijassa (Koivum\u00e4entie 2, Yl\u00f6j\u00e4rvi) torstaina 14.11.2019 klo 19-21.<\/p>\n<h5>Tilannep\u00e4ivitys 1.11.2019:<\/h5>\n<p>M\u00e4\u00e4r\u00e4aikaan menness\u00e4 kilpailuun tuli 74 kuvaa 25 osallistujalta. Odotamme j\u00e4nnityksell\u00e4 tuloksia.<\/p>\n","protected":false},"excerpt":{"rendered":"<p>Valokuvakilpailu Mielikuvan j\u00e4senille, teemana &#8221;V\u00e4rik\u00e4s&#8221;. L\u00e4het\u00e4 kuvasi (max 3 kpl\/j\u00e4sen) 31.10.2019 menness\u00e4 osoitteeseen kameraseura.kuvat (at) gmail.com. Muista nimet\u00e4 kuvasi! Tuomareina toimivat H\u00e4meenkyr\u00f6n kameraseurasta Erkki Luumi, Ulla Kangasperko ja Mauno Raittinen. J\u00e4senkilpailun tulokset julkaistaan marraskuun j\u00e4senillassa, joka j\u00e4rjestet\u00e4\u00e4n yhteisty\u00f6ss\u00e4 H\u00e4meenkyr\u00f6n Kameraseuran kanssa Yl\u00f6j\u00e4rven p\u00e4\u00e4kirjasto Leijassa (Koivum\u00e4entie 2, Yl\u00f6j\u00e4rvi) torstaina 14.11.2019 klo 19-21. Tilannep\u00e4ivitys 1.11.2019: M\u00e4\u00e4r\u00e4aikaan menness\u00e4&hellip; <a href=\"https:\/\/www.mielikuva.org\/fi\/tapahtumat\/jasenkilpailu-varikas\/\" class=\"more-link\">Jatka lukemista <span class=\"screen-reader-text\">J\u00e4senkilpailu &#8221;V\u00e4rik\u00e4s&#8221;<\/span><\/a><\/p>\n","protected":false},"author":1,"featured_media":0,"comment_status":"closed","ping_status":"open","sticky":false,"template":"","format":"standard","meta":{"jetpack_post_was_ever_published":false,"_jetpack_newsletter_access":"","_jetpack_dont_email_post_to_subs":false,"_jetpack_newsletter_tier_id":0,"_jetpack_memberships_contains_paywalled_content":false,"_jetpack_memberships_contains_paid_content":false,"footnotes":"","jetpack_publicize_message":"","jetpack_publicize_feature_enabled":true,"jetpack_social_post_already_shared":true,"jetpack_social_options":{"image_generator_settings":{"template":"highway","default_image_id":0,"font":"","enabled":false},"version":2}},"categories":[17,28,4],"tags":[18,29,9,30],"class_list":["post-262","post","type-post","status-publish","format-standard","hentry","category-jasenillat","category-kilpailut","category-tapahtumat","tag-jasenilta","tag-jasenkilpailu","tag-leija","tag-varikas","without-featured-image"],"jetpack_publicize_connections":[],"jetpack_featured_media_url":"","jetpack_sharing_enabled":true,"jetpack_shortlink":"https:\/\/wp.me\/pauhWd-4e","_links":{"self":[{"href":"https:\/\/www.mielikuva.org\/fi\/wp-json\/wp\/v2\/posts\/262","targetHints":{"allow":["GET"]}}],"collection":[{"href":"https:\/\/www.mielikuva.org\/fi\/wp-json\/wp\/v2\/posts"}],"about":[{"href":"https:\/\/www.mielikuva.org\/fi\/wp-json\/wp\/v2\/types\/post"}],"author":[{"embeddable":true,"href":"https:\/\/www.mielikuva.org\/fi\/wp-json\/wp\/v2\/users\/1"}],"replies":[{"embeddable":true,"href":"https:\/\/www.mielikuva.org\/fi\/wp-json\/wp\/v2\/comments?post=262"}],"version-history":[{"count":4,"href":"https:\/\/www.mielikuva.org\/fi\/wp-json\/wp\/v2\/posts\/262\/revisions"}],"predecessor-version":[{"id":326,"href":"https:\/\/www.mielikuva.org\/fi\/wp-json\/wp\/v2\/posts\/262\/revisions\/326"}],"wp:attachment":[{"href":"https:\/\/www.mielikuva.org\/fi\/wp-json\/wp\/v2\/media?parent=262"}],"wp:term":[{"taxonomy":"category","embeddable":true,"href":"https:\/\/www.mielikuva.org\/fi\/wp-json\/wp\/v2\/categories?post=262"},{"taxonomy":"post_tag","embeddable":true,"href":"https:\/\/www.mielikuva.org\/fi\/wp-json\/wp\/v2\/tags?post=262"}],"curies":[{"name":"wp","href":"https:\/\/api.w.org\/{rel}","templated":true}]}}