{"id":254,"date":"2019-10-09T12:26:16","date_gmt":"2019-10-09T12:26:16","guid":{"rendered":"http:\/\/www.mielikuva.org\/fi\/?p=254"},"modified":"2020-05-01T09:00:57","modified_gmt":"2020-05-01T09:00:57","slug":"sksln-teemanayttely-tila","status":"publish","type":"post","link":"https:\/\/www.mielikuva.org\/fi\/tapahtumat\/nayttelyt\/sksln-teemanayttely-tila\/","title":{"rendered":"SKsL:n teeman\u00e4yttely Tila"},"content":{"rendered":"<figure id=\"attachment_258\" aria-describedby=\"caption-attachment-258\" style=\"width: 825px\" class=\"wp-caption alignnone\"><a href=\"http:\/\/www.mielikuva.org\/fi\/wp-content\/uploads\/2019\/10\/LeenaMaija_Lindqvist_Reunalla.jpg\"><img loading=\"lazy\" decoding=\"async\" class=\"size-large wp-image-258\" src=\"http:\/\/www.mielikuva.org\/fi\/wp-content\/uploads\/2019\/10\/LeenaMaija_Lindqvist_Reunalla-1024x1024.jpg\" alt=\"\" width=\"825\" height=\"825\" srcset=\"https:\/\/www.mielikuva.org\/fi\/wp-content\/uploads\/2019\/10\/LeenaMaija_Lindqvist_Reunalla-1024x1024.jpg 1024w, https:\/\/www.mielikuva.org\/fi\/wp-content\/uploads\/2019\/10\/LeenaMaija_Lindqvist_Reunalla-150x150.jpg 150w, https:\/\/www.mielikuva.org\/fi\/wp-content\/uploads\/2019\/10\/LeenaMaija_Lindqvist_Reunalla-300x300.jpg 300w, https:\/\/www.mielikuva.org\/fi\/wp-content\/uploads\/2019\/10\/LeenaMaija_Lindqvist_Reunalla-768x768.jpg 768w, https:\/\/www.mielikuva.org\/fi\/wp-content\/uploads\/2019\/10\/LeenaMaija_Lindqvist_Reunalla-180x180.jpg 180w, https:\/\/www.mielikuva.org\/fi\/wp-content\/uploads\/2019\/10\/LeenaMaija_Lindqvist_Reunalla.jpg 2048w\" sizes=\"auto, (max-width: 825px) 100vw, 825px\" \/><\/a><figcaption id=\"caption-attachment-258\" class=\"wp-caption-text\">Leena-Maija Lindqvist: Reunalla<\/figcaption><\/figure>\n<p>Kouvolassa 23.11.2019 avattavaan Suomen Kameraseurojen Liiton Tila-teeman\u00e4yttelyyn hyv\u00e4ksyttiin mielikuvalaisilta 18 teosta. Hyv\u00e4ksytyiksi tulivat (sarja suluissa):<\/p>\n<p>Alanen Reetta, AFIAP; Hevonen ja ratsastaja lumella 8 (v\u00e4ridigi, nuori)<br \/>\nAlanen Reetta, AFIAP; Hevoset lumella 3 (v\u00e4ridigi, nuori)<br \/>\nAlanen Reetta, AFIAP; Mets\u00e4j\u00e4rvi (v\u00e4ridigi, nuori)<br \/>\nAlanen Reetta, AFIAP; Perhonen 3 (v\u00e4ridigi, nuori)<br \/>\nAlanen Reetta, AFIAP; Esteratsastus (mustavalkodigi, nuori)<br \/>\nLahtinen Seppo, SKsLM, AFIAP; Ruususen uni (v\u00e4ridigi)<br \/>\nLindqvist Leena-Maija, SKsSLM, EFIAP\/s, GPUCR2, PPSA; Reunalla (v\u00e4rivedos)<br \/>\nLindqvist Leena-Maija, SKsSLM, EFIAP\/s, GPUCR2, PPSA; Mies kalliolla Kallossa (mustavalkovedos)<br \/>\nLindqvist Leena-Maija, SKsSLM, EFIAP\/s, GPUCR2, PPSA; Hiekkapiitsi (v\u00e4ridigi)<br \/>\nNiemenmaa Anneli; J\u00e4\u00e4hyll\u00e4 (v\u00e4ridigi)<br \/>\nNiemenmaa Anneli; Lelumuseo (v\u00e4ridigi)<br \/>\nNiemenmaa Anneli; Pukukopit (v\u00e4ridigi)<br \/>\nRekimies Aila, EFIAP; Varis (mustavalkodigi)<br \/>\nValkila Ilkka, SKsLSM, EFIAP; Livornon aamu (v\u00e4rivedos)<br \/>\nValkila Ilkka, SKsLSM, EFIAP; Oona ohrapellossa (v\u00e4rivedos)<br \/>\nValkila Ilkka, SKsLSM, EFIAP; Korpula (v\u00e4ridigi)<br \/>\nValkila Ilkka, SKsLSM, EFIAP; Terrazza Mascagni (v\u00e4ridigi)<br \/>\nValkila Ilkka, SKsLSM, EFIAP; Valkila (v\u00e4ridigi)<\/p>\n<p>Tarkemmin tuloksista&nbsp;<a href=\"https:\/\/www2.sksl.fi\/historia\/vuosi-ja-teemanayttelyiden-tuloksia\/teemanayttelyyn-2019-tila-valitut-teokset\/\">SKsL:n sivuilla<\/a>.<\/p>\n<p><a href=\"https:\/\/www2.sksl.fi\/osallistu-teemanayttelyn-tila-avajaisiin-ja-sksl-syyskokoukseen-24-11-24-11-2019-kouvolassa\/\">N\u00e4yttelyn ja avajaisviikonlopun ohjelma<\/a><\/p>\n","protected":false},"excerpt":{"rendered":"<p>Kouvolassa 23.11.2019 avattavaan Suomen Kameraseurojen Liiton Tila-teeman\u00e4yttelyyn hyv\u00e4ksyttiin mielikuvalaisilta 18 teosta. Hyv\u00e4ksytyiksi tulivat (sarja suluissa): Alanen Reetta, AFIAP; Hevonen ja ratsastaja lumella 8 (v\u00e4ridigi, nuori) Alanen Reetta, AFIAP; Hevoset lumella 3 (v\u00e4ridigi, nuori) Alanen Reetta, AFIAP; Mets\u00e4j\u00e4rvi (v\u00e4ridigi, nuori) Alanen Reetta, AFIAP; Perhonen 3 (v\u00e4ridigi, nuori) Alanen Reetta, AFIAP; Esteratsastus (mustavalkodigi, nuori) Lahtinen Seppo, SKsLM,&hellip; <a href=\"https:\/\/www.mielikuva.org\/fi\/tapahtumat\/nayttelyt\/sksln-teemanayttely-tila\/\" class=\"more-link\">Jatka lukemista <span class=\"screen-reader-text\">SKsL:n teeman\u00e4yttely Tila<\/span><\/a><\/p>\n","protected":false},"author":1,"featured_media":0,"comment_status":"closed","ping_status":"open","sticky":false,"template":"","format":"standard","meta":{"jetpack_post_was_ever_published":false,"_jetpack_newsletter_access":"","_jetpack_dont_email_post_to_subs":false,"_jetpack_newsletter_tier_id":0,"_jetpack_memberships_contains_paywalled_content":false,"_jetpack_memberships_contains_paid_content":false,"footnotes":"","jetpack_publicize_message":"","jetpack_publicize_feature_enabled":true,"jetpack_social_post_already_shared":true,"jetpack_social_options":{"image_generator_settings":{"template":"highway","default_image_id":0,"font":"","enabled":false},"version":2}},"categories":[6,14,13],"tags":[7,16,27],"class_list":["post-254","post","type-post","status-publish","format-standard","hentry","category-nayttelyt","category-sksl","category-uutiset","tag-nayttely","tag-sksl","tag-sksln-teemanayttely","without-featured-image"],"jetpack_publicize_connections":[],"jetpack_featured_media_url":"","jetpack_sharing_enabled":true,"jetpack_shortlink":"https:\/\/wp.me\/pauhWd-46","_links":{"self":[{"href":"https:\/\/www.mielikuva.org\/fi\/wp-json\/wp\/v2\/posts\/254","targetHints":{"allow":["GET"]}}],"collection":[{"href":"https:\/\/www.mielikuva.org\/fi\/wp-json\/wp\/v2\/posts"}],"about":[{"href":"https:\/\/www.mielikuva.org\/fi\/wp-json\/wp\/v2\/types\/post"}],"author":[{"embeddable":true,"href":"https:\/\/www.mielikuva.org\/fi\/wp-json\/wp\/v2\/users\/1"}],"replies":[{"embeddable":true,"href":"https:\/\/www.mielikuva.org\/fi\/wp-json\/wp\/v2\/comments?post=254"}],"version-history":[{"count":2,"href":"https:\/\/www.mielikuva.org\/fi\/wp-json\/wp\/v2\/posts\/254\/revisions"}],"predecessor-version":[{"id":324,"href":"https:\/\/www.mielikuva.org\/fi\/wp-json\/wp\/v2\/posts\/254\/revisions\/324"}],"wp:attachment":[{"href":"https:\/\/www.mielikuva.org\/fi\/wp-json\/wp\/v2\/media?parent=254"}],"wp:term":[{"taxonomy":"category","embeddable":true,"href":"https:\/\/www.mielikuva.org\/fi\/wp-json\/wp\/v2\/categories?post=254"},{"taxonomy":"post_tag","embeddable":true,"href":"https:\/\/www.mielikuva.org\/fi\/wp-json\/wp\/v2\/tags?post=254"}],"curies":[{"name":"wp","href":"https:\/\/api.w.org\/{rel}","templated":true}]}}